{"id":9981,"date":"2023-03-06T19:02:10","date_gmt":"2023-03-06T18:02:10","guid":{"rendered":"https:\/\/globalpactenvironment.org\/?p=9981"},"modified":"2023-03-07T10:23:27","modified_gmt":"2023-03-07T09:23:27","slug":"acuerdo-historico-de-la-onu-para-proteger-la-alta-mar","status":"publish","type":"post","link":"https:\/\/globalpactenvironment.org\/es\/acuerdo-historico-de-la-onu-para-proteger-la-alta-mar\/","title":{"rendered":"Acuerdo hist\u00f3rico de la ONU para proteger la alta mar"},"content":{"rendered":"<p>El tratado de Alta Mar de la ONU es un instrumento de la Convenci\u00f3n de las Naciones Unidas sobre el Derecho del Mar (CDM), acordado por una conferencia intergubernamental en la ONU el 4 de marzo de 2023. Las conversaciones comenzaron en 2004, hace casi 20 a\u00f1os.<\/p>\n<p>Los oc\u00e9anos producen la mitad del ox\u00edgeno que respiramos, representan el 95% de la biosfera del planeta y son el mayor sumidero de carbono del mundo.<\/p>\n<p>Sin embargo, hasta ahora, s\u00f3lo el 1% de la alta mar est\u00e1 bajo alg\u00fan protocolo de protecci\u00f3n y s\u00f3lo el 39% del oc\u00e9ano cae bajo la jurisdicci\u00f3n nacional de los distintos pa\u00edses.<\/p>\n<p>Este nuevo marco jur\u00eddico situar\u00eda el 30% de los oc\u00e9anos del mundo en zonas protegidas, destinar\u00eda m\u00e1s dinero a las conversaciones marinas y cubrir\u00eda el acceso a los recursos gen\u00e9ticos marinos y su utilizaci\u00f3n.<\/p>\n<p>Protege los recursos del mar haciendo obligatorias las evaluaciones ambientales antes de cualquier nueva explotaci\u00f3n de los recursos marinos en zonas situadas fuera de la jurisdicci\u00f3n nacional, como la explotaci\u00f3n minera de los fondos marinos.<\/p>\n<p>Este tratado aboga por un enfoque preventivo para utilizar los recursos marinos de forma responsable, cuando no pueda aplicarse ninguna jurisdicci\u00f3n nacional.<\/p>\n<p>Este tratado es decisivo para hacer cumplir las metas 30&#215;30 (proteger el 30% de las zonas oce\u00e1nicas, terrestres y costeras para 2030).<\/p>\n<p>Los gobiernos nacionales a\u00fan deben ratificar formalmente este acuerdo.<\/p>\n","protected":false},"excerpt":{"rendered":"<p>El tratado de Alta Mar de la ONU es un instrumento de la Convenci\u00f3n de las Naciones Unidas sobre el Derecho del Mar (CDM), acordado por una conferencia intergubernamental en la ONU el 4 de marzo de 2023. Las conversaciones comenzaron en 2004, hace casi 20 a\u00f1os. Los oc\u00e9anos producen la mitad del ox\u00edgeno que &#8230; <\/p>\n","protected":false},"author":32,"featured_media":9986,"comment_status":"open","ping_status":"open","sticky":false,"template":"","format":"standard","meta":{"om_disable_all_campaigns":false,"_uf_show_specific_survey":0,"_uf_disable_surveys":false,"footnotes":""},"categories":[221],"tags":[],"class_list":["post-9981","post","type-post","status-publish","format-standard","has-post-thumbnail","hentry","category-sin-categorizar"],"acf":[],"aioseo_notices":[],"_links":{"self":[{"href":"https:\/\/globalpactenvironment.org\/es\/wp-json\/wp\/v2\/posts\/9981","targetHints":{"allow":["GET"]}}],"collection":[{"href":"https:\/\/globalpactenvironment.org\/es\/wp-json\/wp\/v2\/posts"}],"about":[{"href":"https:\/\/globalpactenvironment.org\/es\/wp-json\/wp\/v2\/types\/post"}],"author":[{"embeddable":true,"href":"https:\/\/globalpactenvironment.org\/es\/wp-json\/wp\/v2\/users\/32"}],"replies":[{"embeddable":true,"href":"https:\/\/globalpactenvironment.org\/es\/wp-json\/wp\/v2\/comments?post=9981"}],"version-history":[{"count":2,"href":"https:\/\/globalpactenvironment.org\/es\/wp-json\/wp\/v2\/posts\/9981\/revisions"}],"predecessor-version":[{"id":9983,"href":"https:\/\/globalpactenvironment.org\/es\/wp-json\/wp\/v2\/posts\/9981\/revisions\/9983"}],"wp:featuredmedia":[{"embeddable":true,"href":"https:\/\/globalpactenvironment.org\/es\/wp-json\/wp\/v2\/media\/9986"}],"wp:attachment":[{"href":"https:\/\/globalpactenvironment.org\/es\/wp-json\/wp\/v2\/media?parent=9981"}],"wp:term":[{"taxonomy":"category","embeddable":true,"href":"https:\/\/globalpactenvironment.org\/es\/wp-json\/wp\/v2\/categories?post=9981"},{"taxonomy":"post_tag","embeddable":true,"href":"https:\/\/globalpactenvironment.org\/es\/wp-json\/wp\/v2\/tags?post=9981"}],"curies":[{"name":"wp","href":"https:\/\/api.w.org\/{rel}","templated":true}]}}